{"id":1,"date":"2025-04-02T09:58:00","date_gmt":"2025-04-02T07:58:00","guid":{"rendered":"https:\/\/cornichetamaris.fr\/?p=1"},"modified":"2025-04-04T13:05:55","modified_gmt":"2025-04-04T11:05:55","slug":"bonjour-tout-le-monde","status":"publish","type":"post","link":"https:\/\/cornichetamaris.fr\/index.php\/2025\/04\/02\/bonjour-tout-le-monde\/","title":{"rendered":"Bienvenue"},"content":{"rendered":"\n<p>Ce site a \u00e9t\u00e9 cr\u00e9\u00e9 par les <strong>Comit\u00e9s d\u2019Int\u00e9r\u00eat Locaux (CIL) de La Seyne-sur-Mer<\/strong> afin de centraliser et partager avec les habitants toutes les informations concernant le projet de r\u00e9am\u00e9nagement de la Corniche de Tamaris.<\/p>\n\n\n\n<p>Il ne s\u2019agit pas d\u2019un site d\u2019opposition syst\u00e9matique, mais d\u2019un <strong>espace d\u2019information, de r\u00e9flexion et de proposition<\/strong>. Le projet port\u00e9 par la M\u00e9tropole et la Ville suscite de nombreuses questions, et notre objectif est de contribuer \u00e0 un d\u00e9bat public clair, \u00e9quilibr\u00e9 et constructif.<\/p>\n\n\n\n<p>Vous trouverez ici :<\/p>\n\n\n\n<ul class=\"wp-block-list\">\n<li>Les analyses techniques et les observations des CIL sur le projet actuel ;<\/li>\n\n\n\n<li>Les propositions concr\u00e8tes que nous avons formul\u00e9es pour am\u00e9liorer le projet ;<\/li>\n\n\n\n<li>Les cons\u00e9quences du sens unique envisag\u00e9 sur la circulation, la s\u00e9curit\u00e9 et l\u2019accessibilit\u00e9 ;<\/li>\n\n\n\n<li>Des documents, \u00e9tudes, lettres officielles et notes techniques transmises aux autorit\u00e9s ;<\/li>\n\n\n\n<li>Des t\u00e9moignages d\u2019habitants, usagers, commer\u00e7ants et riverains de la Corniche ;<\/li>\n\n\n\n<li>Une page d\u00e9di\u00e9e pour <strong>signer la p\u00e9tition<\/strong> si vous partagez nos pr\u00e9occupations.<\/li>\n<\/ul>\n\n\n\n<p>Nous croyons en une approche apais\u00e9e, transparente et constructive. <strong>La Corniche est un bien commun<\/strong>, et nous sommes nombreux \u00e0 vouloir qu\u2019elle reste un lieu vivant, s\u00fbr et accessible \u00e0 tous.<\/p>\n\n\n\n<p><a href=\"\/le-projet-en-question\">D\u00e9couvrir le projet<\/a><a href=\"\/petition-corniche\">Signer la p\u00e9tition<\/a><\/p>\n\n\n\n<p><\/p>\n","protected":false},"excerpt":{"rendered":"<p>Ce site a \u00e9t\u00e9 cr\u00e9\u00e9 par les Comit\u00e9s d\u2019Int\u00e9r\u00eat Locaux (CIL) de La Seyne-sur-Mer afin de centraliser et partager avec les habitants toutes les informations concernant le projet de r\u00e9am\u00e9nagement de la Corniche de Tamaris. Il ne s\u2019agit pas d\u2019un site d\u2019opposition syst\u00e9matique, mais d\u2019un espace d\u2019information, de r\u00e9flexion et de proposition. Le projet port\u00e9 [&hellip;]<\/p>\n","protected":false},"author":1,"featured_media":0,"comment_status":"open","ping_status":"open","sticky":false,"template":"","format":"standard","meta":{"footnotes":""},"categories":[1],"tags":[],"class_list":["post-1","post","type-post","status-publish","format-standard","hentry","category-non-classe"],"_links":{"self":[{"href":"https:\/\/cornichetamaris.fr\/index.php\/wp-json\/wp\/v2\/posts\/1","targetHints":{"allow":["GET"]}}],"collection":[{"href":"https:\/\/cornichetamaris.fr\/index.php\/wp-json\/wp\/v2\/posts"}],"about":[{"href":"https:\/\/cornichetamaris.fr\/index.php\/wp-json\/wp\/v2\/types\/post"}],"author":[{"embeddable":true,"href":"https:\/\/cornichetamaris.fr\/index.php\/wp-json\/wp\/v2\/users\/1"}],"replies":[{"embeddable":true,"href":"https:\/\/cornichetamaris.fr\/index.php\/wp-json\/wp\/v2\/comments?post=1"}],"version-history":[{"count":1,"href":"https:\/\/cornichetamaris.fr\/index.php\/wp-json\/wp\/v2\/posts\/1\/revisions"}],"predecessor-version":[{"id":17,"href":"https:\/\/cornichetamaris.fr\/index.php\/wp-json\/wp\/v2\/posts\/1\/revisions\/17"}],"wp:attachment":[{"href":"https:\/\/cornichetamaris.fr\/index.php\/wp-json\/wp\/v2\/media?parent=1"}],"wp:term":[{"taxonomy":"category","embeddable":true,"href":"https:\/\/cornichetamaris.fr\/index.php\/wp-json\/wp\/v2\/categories?post=1"},{"taxonomy":"post_tag","embeddable":true,"href":"https:\/\/cornichetamaris.fr\/index.php\/wp-json\/wp\/v2\/tags?post=1"}],"curies":[{"name":"wp","href":"https:\/\/api.w.org\/{rel}","templated":true}]}}